{"id":3462,"date":"2019-07-06T08:38:12","date_gmt":"2019-07-06T08:38:12","guid":{"rendered":"https:\/\/www.almamaterticinensis.eu\/?p=3462"},"modified":"2019-07-06T08:58:15","modified_gmt":"2019-07-06T08:58:15","slug":"al-via-la-ii-edizione-dellembat-2019-21","status":"publish","type":"post","link":"https:\/\/www.almamaterticinensis.eu\/index.php\/2019\/07\/06\/al-via-la-ii-edizione-dellembat-2019-21\/","title":{"rendered":"Al via la II edizione dell&#8217;eMBAT 2019-21"},"content":{"rendered":"<p><img loading=\"lazy\" decoding=\"async\" class=\"size-medium wp-image-3463 alignleft\" src=\"https:\/\/www.almamaterticinensis.eu\/wp-content\/uploads\/2019\/07\/emba-ticinensis-seconda-edizione-300x200.jpg\" alt=\"emba-ticinensis-seconda-edizione\" width=\"300\" height=\"200\" srcset=\"https:\/\/www.almamaterticinensis.eu\/wp-content\/uploads\/2019\/07\/emba-ticinensis-seconda-edizione-300x200.jpg 300w, https:\/\/www.almamaterticinensis.eu\/wp-content\/uploads\/2019\/07\/emba-ticinensis-seconda-edizione-768x512.jpg 768w, https:\/\/www.almamaterticinensis.eu\/wp-content\/uploads\/2019\/07\/emba-ticinensis-seconda-edizione.jpg 900w\" sizes=\"(max-width: 300px) 100vw, 300px\" \/><\/p>\n<p>Aperte dal 5 luglio le iscrizioni alla seconda edizione dell&#8217; <a href=\"https:\/\/www.embaticinensis.eu\/\">Executive MBA Ticinensis -EMBAT<\/a>, promosso da Fondazione Alma Mater Ticinensis con Universit\u00e0 di Pavia, nella splendida cornice di Palazzo Vistarino.<\/p>\n<p>&nbsp;<\/p>\n<p>Tutte le <a href=\"https:\/\/www.embaticinensis.eu\/executive-mba-ticinensis-parte-la-seconda-edizione\/\">informazioni sulla seconda edizione eMBAT 2019-21<\/a>.<\/p>\n<p>&nbsp;<\/p>\n<p>&nbsp;<\/p>\n<p><img loading=\"lazy\" decoding=\"async\" class=\"size-medium wp-image-3470 alignright\" src=\"https:\/\/www.almamaterticinensis.eu\/wp-content\/uploads\/2019\/07\/IMG_6896-300x225.jpg\" alt=\"img_6896\" width=\"300\" height=\"225\" srcset=\"https:\/\/www.almamaterticinensis.eu\/wp-content\/uploads\/2019\/07\/IMG_6896-300x225.jpg 300w, https:\/\/www.almamaterticinensis.eu\/wp-content\/uploads\/2019\/07\/IMG_6896-768x576.jpg 768w, https:\/\/www.almamaterticinensis.eu\/wp-content\/uploads\/2019\/07\/IMG_6896-1024x768.jpg 1024w, https:\/\/www.almamaterticinensis.eu\/wp-content\/uploads\/2019\/07\/IMG_6896-510x382.jpg 510w, https:\/\/www.almamaterticinensis.eu\/wp-content\/uploads\/2019\/07\/IMG_6896-1080x810.jpg 1080w, https:\/\/www.almamaterticinensis.eu\/wp-content\/uploads\/2019\/07\/IMG_6896.jpg 2016w\" sizes=\"(max-width: 300px) 100vw, 300px\" \/>EMBAT \u00e8 un laboratorio dove si immagina e forma il \u2018manager del futuro\u2019, capace di dominare la <em>digital transformation<\/em>e guidare organizzazioni esponenziali. Si punta su didattica innovativa ed esperienziale: innovativa in quanto si usano metodi evoluti che mettono al centro l\u2019interattivit\u00e0 e riducono al minimo la didattica frontale; esperienziale in quanto diverse trasferte formative permettono di apprendere \u201cl\u00e0 dove le cose avvengono\u201d. Fra queste, la settimana a Boston, con sessioni presso le migliori universit\u00e0 al mondo e nei laboratori delle imprese pi\u00f9 innovative. Il Direttore di EMBAT \u00e8 il prof. Stefano Denicolai.<\/p>\n<p>&nbsp;<\/p>\n","protected":false},"excerpt":{"rendered":"\r\n\r\nAperte dal 5 luglio le iscrizioni alla seconda edizione dell' Executive MBA Ticinensis -EMBAT, promosso da Fondazione Alma Mater Ticinensis con Universit\u00e0 di Pavia, nella splendida cornice di Palazzo Vistarino.\r\n\r\n&nbsp;\r\n\r\nTutte le informazioni [...]","protected":false},"author":2,"featured_media":0,"comment_status":"closed","ping_status":"open","sticky":false,"template":"","format":"standard","meta":{"_et_pb_use_builder":"","_et_pb_old_content":"","_et_gb_content_width":"","footnotes":""},"categories":[3],"tags":[],"class_list":["post-3462","post","type-post","status-publish","format-standard","hentry","category-news"],"_links":{"self":[{"href":"https:\/\/www.almamaterticinensis.eu\/index.php\/wp-json\/wp\/v2\/posts\/3462","targetHints":{"allow":["GET"]}}],"collection":[{"href":"https:\/\/www.almamaterticinensis.eu\/index.php\/wp-json\/wp\/v2\/posts"}],"about":[{"href":"https:\/\/www.almamaterticinensis.eu\/index.php\/wp-json\/wp\/v2\/types\/post"}],"author":[{"embeddable":true,"href":"https:\/\/www.almamaterticinensis.eu\/index.php\/wp-json\/wp\/v2\/users\/2"}],"replies":[{"embeddable":true,"href":"https:\/\/www.almamaterticinensis.eu\/index.php\/wp-json\/wp\/v2\/comments?post=3462"}],"version-history":[{"count":12,"href":"https:\/\/www.almamaterticinensis.eu\/index.php\/wp-json\/wp\/v2\/posts\/3462\/revisions"}],"predecessor-version":[{"id":3477,"href":"https:\/\/www.almamaterticinensis.eu\/index.php\/wp-json\/wp\/v2\/posts\/3462\/revisions\/3477"}],"wp:attachment":[{"href":"https:\/\/www.almamaterticinensis.eu\/index.php\/wp-json\/wp\/v2\/media?parent=3462"}],"wp:term":[{"taxonomy":"category","embeddable":true,"href":"https:\/\/www.almamaterticinensis.eu\/index.php\/wp-json\/wp\/v2\/categories?post=3462"},{"taxonomy":"post_tag","embeddable":true,"href":"https:\/\/www.almamaterticinensis.eu\/index.php\/wp-json\/wp\/v2\/tags?post=3462"}],"curies":[{"name":"wp","href":"https:\/\/api.w.org\/{rel}","templated":true}]}}